{"id":7270,"date":"2026-08-14T13:55:37","date_gmt":"2026-08-14T11:55:37","guid":{"rendered":"https:\/\/alpha1-deutschland.org\/?p=7270"},"modified":"2026-08-14T13:55:37","modified_gmt":"2026-08-14T11:55:37","slug":"abschied-von-juergen-frischmann","status":"publish","type":"post","link":"https:\/\/alpha1-deutschland.org\/en\/abschied-von-juergen-frischmann","title":{"rendered":"Farewell to J\u00fcrgen Frischmann"},"content":{"rendered":"<p style=\"font-weight: 400;\"><strong>We say goodbye to J\u00fcrgen Frischmann<\/strong><\/p>\n<p style=\"font-weight: 400;\">\u00a0It is with deep sadness that we announce the passing of J\u00fcrgen Frischmann, who died on April 24, 2026, at the age of 64. For many years, J\u00fcrgen served as deputy leader of our Rhein-Main-Nahe self-help group and tirelessly dedicated himself to helping people with Alpha-1 and COPD, far beyond the scope of the group activities. Despite his own serious illness, a lung transplant, and numerous health setbacks, he never lost his zest for life, his sense of humor, or his willingness to help others. His knowledge, reliability, and great humanity supported and guided many sufferers. We will remember J\u00fcrgen with gratitude as a dedicated colleague and valued friend. Our deepest sympathies go out to his family and all who were close to him.<\/p>\n<p>&nbsp;<\/p>","protected":false},"excerpt":{"rendered":"<p>We mourn the loss of J\u00fcrgen Frischmann. It is with deep sadness that we mourn the loss of J\u00fcrgen Frischmann, who passed away on April 24, 2026, at the age of 64. J\u00fcrgen was a valued member of many\u2026<\/p>","protected":false},"author":25,"featured_media":5770,"comment_status":"closed","ping_status":"open","sticky":false,"template":"","format":"standard","meta":{"footnotes":""},"categories":[1,23],"tags":[],"class_list":["post-7270","post","type-post","status-publish","format-standard","has-post-thumbnail","category-allgemein","category-shg-rhein-main-nahe"],"yoast_head":"<!-- This site is optimized with the Yoast SEO plugin v28.4 - https:\/\/yoast.com\/product\/yoast-seo-wordpress\/ -->\n<title>Abschied von J\u00fcrgen Frischmann - Ihr Online Portal f\u00fcr Mitglieder und Interessierte<\/title>\n<meta name=\"robots\" content=\"index, follow, max-snippet:-1, max-image-preview:large, max-video-preview:-1\" \/>\n<link rel=\"canonical\" href=\"https:\/\/alpha1-deutschland.org\/en\/abschied-von-juergen-frischmann\/\" \/>\n<meta property=\"og:locale\" content=\"en_GB\" \/>\n<meta property=\"og:type\" content=\"article\" \/>\n<meta property=\"og:title\" content=\"Abschied von J\u00fcrgen Frischmann - Ihr Online Portal f\u00fcr Mitglieder und Interessierte\" \/>\n<meta property=\"og:description\" content=\"Wir nehmen Abschied von J\u00fcrgen Frischmann \u00a0Mit gro\u00dfer Betroffenheit nehmen wir Abschied von J\u00fcrgen Frischmann, der am 24. April 2026 im Alter von 64 Jahren verstorben ist. J\u00fcrgen war viele...\" \/>\n<meta property=\"og:url\" content=\"https:\/\/alpha1-deutschland.org\/en\/abschied-von-juergen-frischmann\/\" \/>\n<meta property=\"og:site_name\" content=\"Ihr Online Portal f\u00fcr Mitglieder und Interessierte\" \/>\n<meta property=\"article:published_time\" content=\"2026-08-14T11:55:37+00:00\" \/>\n<meta property=\"og:image\" content=\"https:\/\/alpha1-deutschland.org\/wp-content\/uploads\/Trauermeldung.jpg\" \/>\n\t<meta property=\"og:image:width\" content=\"1920\" \/>\n\t<meta property=\"og:image:height\" content=\"1080\" \/>\n\t<meta property=\"og:image:type\" content=\"image\/jpeg\" \/>\n<meta name=\"author\" content=\"A1D-WebRedaktion\" \/>\n<meta name=\"twitter:label1\" content=\"Written by\" \/>\n\t<meta name=\"twitter:data1\" content=\"A1D-WebRedaktion\" \/>\n\t<meta name=\"twitter:label2\" content=\"Estimated reading time\" \/>\n\t<meta name=\"twitter:data2\" content=\"1 minute\" \/>\n<script type=\"application\/ld+json\" class=\"yoast-schema-graph\">{\"@context\":\"https:\\\/\\\/schema.org\",\"@graph\":[{\"@type\":\"Article\",\"@id\":\"https:\\\/\\\/alpha1-deutschland.org\\\/abschied-von-juergen-frischmann#article\",\"isPartOf\":{\"@id\":\"https:\\\/\\\/alpha1-deutschland.org\\\/abschied-von-juergen-frischmann\"},\"author\":{\"name\":\"A1D-WebRedaktion\",\"@id\":\"https:\\\/\\\/alpha1-deutschland.org\\\/#\\\/schema\\\/person\\\/3d532f79cff36069829b7142d405b71f\"},\"headline\":\"Abschied von J\u00fcrgen Frischmann\",\"datePublished\":\"2026-08-14T11:55:37+00:00\",\"mainEntityOfPage\":{\"@id\":\"https:\\\/\\\/alpha1-deutschland.org\\\/abschied-von-juergen-frischmann\"},\"wordCount\":126,\"image\":{\"@id\":\"https:\\\/\\\/alpha1-deutschland.org\\\/abschied-von-juergen-frischmann#primaryimage\"},\"thumbnailUrl\":\"https:\\\/\\\/alpha1-deutschland.org\\\/wp-content\\\/uploads\\\/Trauermeldung.jpg\",\"articleSection\":[\"Allgemein\",\"SHG Rhein-Main-Nahe\"],\"inLanguage\":\"en-GB\"},{\"@type\":\"WebPage\",\"@id\":\"https:\\\/\\\/alpha1-deutschland.org\\\/abschied-von-juergen-frischmann\",\"url\":\"https:\\\/\\\/alpha1-deutschland.org\\\/abschied-von-juergen-frischmann\",\"name\":\"Abschied von J\u00fcrgen Frischmann - Ihr Online Portal f\u00fcr Mitglieder und Interessierte\",\"isPartOf\":{\"@id\":\"https:\\\/\\\/alpha1-deutschland.org\\\/#website\"},\"primaryImageOfPage\":{\"@id\":\"https:\\\/\\\/alpha1-deutschland.org\\\/abschied-von-juergen-frischmann#primaryimage\"},\"image\":{\"@id\":\"https:\\\/\\\/alpha1-deutschland.org\\\/abschied-von-juergen-frischmann#primaryimage\"},\"thumbnailUrl\":\"https:\\\/\\\/alpha1-deutschland.org\\\/wp-content\\\/uploads\\\/Trauermeldung.jpg\",\"datePublished\":\"2026-08-14T11:55:37+00:00\",\"author\":{\"@id\":\"https:\\\/\\\/alpha1-deutschland.org\\\/#\\\/schema\\\/person\\\/3d532f79cff36069829b7142d405b71f\"},\"breadcrumb\":{\"@id\":\"https:\\\/\\\/alpha1-deutschland.org\\\/abschied-von-juergen-frischmann#breadcrumb\"},\"inLanguage\":\"en-GB\",\"potentialAction\":[{\"@type\":\"ReadAction\",\"target\":[\"https:\\\/\\\/alpha1-deutschland.org\\\/abschied-von-juergen-frischmann\"]}]},{\"@type\":\"ImageObject\",\"inLanguage\":\"en-GB\",\"@id\":\"https:\\\/\\\/alpha1-deutschland.org\\\/abschied-von-juergen-frischmann#primaryimage\",\"url\":\"https:\\\/\\\/alpha1-deutschland.org\\\/wp-content\\\/uploads\\\/Trauermeldung.jpg\",\"contentUrl\":\"https:\\\/\\\/alpha1-deutschland.org\\\/wp-content\\\/uploads\\\/Trauermeldung.jpg\",\"width\":1920,\"height\":1080,\"caption\":\"Kerzen auf Wasser.\"},{\"@type\":\"BreadcrumbList\",\"@id\":\"https:\\\/\\\/alpha1-deutschland.org\\\/abschied-von-juergen-frischmann#breadcrumb\",\"itemListElement\":[{\"@type\":\"ListItem\",\"position\":1,\"name\":\"Startseite\",\"item\":\"https:\\\/\\\/alpha1-deutschland.org\\\/\"},{\"@type\":\"ListItem\",\"position\":2,\"name\":\"Abschied von J\u00fcrgen Frischmann\"}]},{\"@type\":\"WebSite\",\"@id\":\"https:\\\/\\\/alpha1-deutschland.org\\\/#website\",\"url\":\"https:\\\/\\\/alpha1-deutschland.org\\\/\",\"name\":\"Ihr Online Portal f\u00fcr Mitglieder und Interessierte\",\"description\":\"\",\"potentialAction\":[{\"@type\":\"SearchAction\",\"target\":{\"@type\":\"EntryPoint\",\"urlTemplate\":\"https:\\\/\\\/alpha1-deutschland.org\\\/?s={search_term_string}\"},\"query-input\":{\"@type\":\"PropertyValueSpecification\",\"valueRequired\":true,\"valueName\":\"search_term_string\"}}],\"inLanguage\":\"en-GB\"},{\"@type\":\"Person\",\"@id\":\"https:\\\/\\\/alpha1-deutschland.org\\\/#\\\/schema\\\/person\\\/3d532f79cff36069829b7142d405b71f\",\"name\":\"A1D-WebRedaktion\",\"url\":\"https:\\\/\\\/alpha1-deutschland.org\\\/en\\\/author\\\/a1d-webredaktion\"}]}<\/script>\n<!-- \/ Yoast SEO plugin. -->","yoast_head_json":{"title":"Farewell to J\u00fcrgen Frischmann - Your online portal for members and interested parties","robots":{"index":"index","follow":"follow","max-snippet":"max-snippet:-1","max-image-preview":"max-image-preview:large","max-video-preview":"max-video-preview:-1"},"canonical":"https:\/\/alpha1-deutschland.org\/en\/abschied-von-juergen-frischmann\/","og_locale":"en_GB","og_type":"article","og_title":"Abschied von J\u00fcrgen Frischmann - Ihr Online Portal f\u00fcr Mitglieder und Interessierte","og_description":"Wir nehmen Abschied von J\u00fcrgen Frischmann \u00a0Mit gro\u00dfer Betroffenheit nehmen wir Abschied von J\u00fcrgen Frischmann, der am 24. April 2026 im Alter von 64 Jahren verstorben ist. J\u00fcrgen war viele...","og_url":"https:\/\/alpha1-deutschland.org\/en\/abschied-von-juergen-frischmann\/","og_site_name":"Ihr Online Portal f\u00fcr Mitglieder und Interessierte","article_published_time":"2026-08-14T11:55:37+00:00","og_image":[{"width":1920,"height":1080,"url":"https:\/\/alpha1-deutschland.org\/wp-content\/uploads\/Trauermeldung.jpg","type":"image\/jpeg"}],"author":"A1D-WebRedaktion","twitter_misc":{"Written by":"A1D-WebRedaktion","Estimated reading time":"1 minute"},"schema":{"@context":"https:\/\/schema.org","@graph":[{"@type":"Article","@id":"https:\/\/alpha1-deutschland.org\/abschied-von-juergen-frischmann#article","isPartOf":{"@id":"https:\/\/alpha1-deutschland.org\/abschied-von-juergen-frischmann"},"author":{"name":"A1D-WebRedaktion","@id":"https:\/\/alpha1-deutschland.org\/#\/schema\/person\/3d532f79cff36069829b7142d405b71f"},"headline":"Abschied von J\u00fcrgen Frischmann","datePublished":"2026-08-14T11:55:37+00:00","mainEntityOfPage":{"@id":"https:\/\/alpha1-deutschland.org\/abschied-von-juergen-frischmann"},"wordCount":126,"image":{"@id":"https:\/\/alpha1-deutschland.org\/abschied-von-juergen-frischmann#primaryimage"},"thumbnailUrl":"https:\/\/alpha1-deutschland.org\/wp-content\/uploads\/Trauermeldung.jpg","articleSection":["Allgemein","SHG Rhein-Main-Nahe"],"inLanguage":"en-GB"},{"@type":"WebPage","@id":"https:\/\/alpha1-deutschland.org\/abschied-von-juergen-frischmann","url":"https:\/\/alpha1-deutschland.org\/abschied-von-juergen-frischmann","name":"Farewell to J\u00fcrgen Frischmann - Your online portal for members and interested parties","isPartOf":{"@id":"https:\/\/alpha1-deutschland.org\/#website"},"primaryImageOfPage":{"@id":"https:\/\/alpha1-deutschland.org\/abschied-von-juergen-frischmann#primaryimage"},"image":{"@id":"https:\/\/alpha1-deutschland.org\/abschied-von-juergen-frischmann#primaryimage"},"thumbnailUrl":"https:\/\/alpha1-deutschland.org\/wp-content\/uploads\/Trauermeldung.jpg","datePublished":"2026-08-14T11:55:37+00:00","author":{"@id":"https:\/\/alpha1-deutschland.org\/#\/schema\/person\/3d532f79cff36069829b7142d405b71f"},"breadcrumb":{"@id":"https:\/\/alpha1-deutschland.org\/abschied-von-juergen-frischmann#breadcrumb"},"inLanguage":"en-GB","potentialAction":[{"@type":"ReadAction","target":["https:\/\/alpha1-deutschland.org\/abschied-von-juergen-frischmann"]}]},{"@type":"ImageObject","inLanguage":"en-GB","@id":"https:\/\/alpha1-deutschland.org\/abschied-von-juergen-frischmann#primaryimage","url":"https:\/\/alpha1-deutschland.org\/wp-content\/uploads\/Trauermeldung.jpg","contentUrl":"https:\/\/alpha1-deutschland.org\/wp-content\/uploads\/Trauermeldung.jpg","width":1920,"height":1080,"caption":"Kerzen auf Wasser."},{"@type":"BreadcrumbList","@id":"https:\/\/alpha1-deutschland.org\/abschied-von-juergen-frischmann#breadcrumb","itemListElement":[{"@type":"ListItem","position":1,"name":"Startseite","item":"https:\/\/alpha1-deutschland.org\/"},{"@type":"ListItem","position":2,"name":"Abschied von J\u00fcrgen Frischmann"}]},{"@type":"WebSite","@id":"https:\/\/alpha1-deutschland.org\/#website","url":"https:\/\/alpha1-deutschland.org\/","name":"Your online portal for members and interested parties","description":"","potentialAction":[{"@type":"SearchAction","target":{"@type":"EntryPoint","urlTemplate":"https:\/\/alpha1-deutschland.org\/?s={search_term_string}"},"query-input":{"@type":"PropertyValueSpecification","valueRequired":true,"valueName":"search_term_string"}}],"inLanguage":"en-GB"},{"@type":"Person","@id":"https:\/\/alpha1-deutschland.org\/#\/schema\/person\/3d532f79cff36069829b7142d405b71f","name":"A1D Web Editorial Team","url":"https:\/\/alpha1-deutschland.org\/en\/author\/a1d-webredaktion"}]}},"_links":{"self":[{"href":"https:\/\/alpha1-deutschland.org\/en\/wp-json\/wp\/v2\/posts\/7270","targetHints":{"allow":["GET"]}}],"collection":[{"href":"https:\/\/alpha1-deutschland.org\/en\/wp-json\/wp\/v2\/posts"}],"about":[{"href":"https:\/\/alpha1-deutschland.org\/en\/wp-json\/wp\/v2\/types\/post"}],"author":[{"embeddable":true,"href":"https:\/\/alpha1-deutschland.org\/en\/wp-json\/wp\/v2\/users\/25"}],"replies":[{"embeddable":true,"href":"https:\/\/alpha1-deutschland.org\/en\/wp-json\/wp\/v2\/comments?post=7270"}],"version-history":[{"count":0,"href":"https:\/\/alpha1-deutschland.org\/en\/wp-json\/wp\/v2\/posts\/7270\/revisions"}],"wp:featuredmedia":[{"embeddable":true,"href":"https:\/\/alpha1-deutschland.org\/en\/wp-json\/wp\/v2\/media\/5770"}],"wp:attachment":[{"href":"https:\/\/alpha1-deutschland.org\/en\/wp-json\/wp\/v2\/media?parent=7270"}],"wp:term":[{"taxonomy":"category","embeddable":true,"href":"https:\/\/alpha1-deutschland.org\/en\/wp-json\/wp\/v2\/categories?post=7270"},{"taxonomy":"post_tag","embeddable":true,"href":"https:\/\/alpha1-deutschland.org\/en\/wp-json\/wp\/v2\/tags?post=7270"}],"curies":[{"name":"wp","href":"https:\/\/api.w.org\/{rel}","templated":true}]}}